{"id":890,"date":"2023-08-28T10:15:00","date_gmt":"2023-08-28T09:15:00","guid":{"rendered":"https:\/\/vidoleo.com\/blog\/?p=890"},"modified":"2023-12-11T21:59:32","modified_gmt":"2023-12-11T20:59:32","slug":"jean-luc-couchard","status":"publish","type":"post","link":"https:\/\/vidoleo.com\/blog\/fr\/actualites\/jean-luc-couchard\/","title":{"rendered":"Jean-Luc Couchard &#8211; Actualit\u00e9s"},"content":{"rendered":"\n<figure class=\"wp-block-image alignright size-large is-resized presentation-celeb\"><img decoding=\"async\" loading=\"lazy\" src=\"https:\/\/i0.wp.com\/media.vidoleo.com\/img\/profil\/jeanluccouchard.jpg?resize=225%2C300&#038;ssl=1\" alt=\"Jean-Luc Couchard\" width=\"225\" height=\"300\" data-recalc-dims=\"1\" \/><\/figure>\n\n\n\n<p>Jean-Luc Couchard, n\u00e9 le 14 juillet 1969 en Belgique, est un com\u00e9dien belge.&nbsp;<\/p>\n\n\n\n<p>Apr\u00e8s avoir obtenu un dipl\u00f4me d\u2019animateur, Jean-Luc Couchard fait ses classes au conservatoire de Li\u00e8ge afin de faire de sa passion son m\u00e9tier.&nbsp;<\/p>\n\n\n\n<p>C\u2019est en 1989 que Jean-Luc Couchard d\u00e9bute sa carri\u00e8re au th\u00e9\u00e2tre ayant diff\u00e9rents r\u00f4le dans la repr\u00e9sentation de pi\u00e8ces issues des plus grands noms&nbsp;: Moli\u00e8re, Schakespeare ou encoe Marivaux.&nbsp;<\/p>\n\n\n\n<p>Il fera ses premi\u00e8res apparitions au cin\u00e9ma en 1994. Il aura diverses r\u00f4les dans plusieurs grands films comme <em>Dikkenek<\/em>, <em>Taxi 4<\/em> ou encore <em>Les Visiteurs&nbsp;: La R\u00e9volution<\/em>.&nbsp;<\/p>\n\n\n\n<p>En parall\u00e8le de sa carri\u00e8re d\u2019acteur, Jean-Luc Couchard fait \u00e9galement partie d\u2019un groupe de musique <em>\u00ab&nbsp;Les Slip\u2019s&nbsp;\u00bb <\/em>depuis 1989 qui se produit dans un style musical d\u00e9cal\u00e9.&nbsp;<\/p>\n\n\n\n<p><\/p>\n\n\n\n<h2 class=\"wp-block-heading\">Jean-Luc Couchard r\u00e9alise des vid\u00e9os d\u00e9dicac\u00e9es pour ses fans&nbsp;<\/h2>\n\n\n\n<p>Depuis 2020, Jean-Luc Couchard propose \u00e0 ses fans des vid\u00e9os 100% personnalis\u00e9es dont les fonds sont revers\u00e9s \u00e0 Handicap International&nbsp;: <a rel=\"noreferrer noopener\" href=\"https:\/\/vidoleo.com\/jeanluccouchard\" target=\"_blank\">Demander une vid\u00e9o \u00e0 Jean-Luc Couchard<\/a>.&nbsp;<\/p>\n\n\n\n<figure class=\"wp-block-image size-full\"><a href=\"https:\/\/vidoleo.com\/jeanluccouchard\" target=\"_blank\" rel=\"noreferrer noopener\"><img decoding=\"async\" loading=\"lazy\" width=\"1080\" height=\"540\" src=\"https:\/\/i0.wp.com\/vidoleo.com\/blog\/wp-content\/\/uploads\/2023\/06\/screen-jean-luc-couchard.jpg?resize=1080%2C540&#038;ssl=1\" alt=\"Jean-Luc Couchard d\u00e9dicace vid\u00e9o personnalis\u00e9e\" class=\"wp-image-1373\" srcset=\"https:\/\/i0.wp.com\/vidoleo.com\/blog\/wp-content\/\/uploads\/2023\/06\/screen-jean-luc-couchard.jpg?resize=1080%2C540&#038;ssl=1 1280w, https:\/\/vidoleo.com\/blog\/wp-content\/\/uploads\/2023\/06\/screen-jean-luc-couchard-980x490.jpg 980w, https:\/\/vidoleo.com\/blog\/wp-content\/\/uploads\/2023\/06\/screen-jean-luc-couchard-480x240.jpg 480w\" sizes=\"(min-width: 0px) and (max-width: 480px) 480px, (min-width: 481px) and (max-width: 980px) 980px, (min-width: 981px) 1280px, 100vw\" data-recalc-dims=\"1\" \/><\/a><\/figure>\n\n\n\n<p><\/p>\n\n\n\n<h2 class=\"wp-block-heading\">Jean-Luc Couchard, \u00e0 la t\u00eate d&rsquo;affiche de cette nouvelle s\u00e9rie<\/h2>\n\n\n\n<p>Ao\u00fbt 2023 &#8211; C&rsquo;est le 28 ao\u00fbt prochain que sera diffus\u00e9e une toute nouvelle mini-s\u00e9rie sur la cha\u00eene belge RTBF intitul\u00e9e <em>\u00ab\u00a0Salle des profs\u00a0\u00bb<\/em>. C&rsquo;est sur un ton l\u00e9ger et humoristique que les t\u00e9l\u00e9spectateurs vont d\u00e9couvrir chaque soir les coulisses d&rsquo;une salle des profs au sein de laquelle on retrouve Jurdieu, le professeur d&rsquo;histoire autoritaire, Vanille, la professeur d&rsquo;Arts plastiques compl\u00e8tement \u00e0 l&rsquo;ouest, Samir et Simon qui tentent de r\u00e9soudre les conflits et enfin Cl\u00e9ment, le proviseur effac\u00e9e ind\u00e9cis, interpr\u00e9t\u00e9 par Jean-Luc Couchard. On a d\u00e9j\u00e0 h\u00e2te de d\u00e9couvrir leurs aventures ! <\/p>\n\n\n\n<p><\/p>\n\n\n\n<h2 class=\"wp-block-heading\">Jean-Luc Couchard en pleine r\u00e9alisation de son nouveau court-m\u00e9trage<\/h2>\n\n\n\n<p>F\u00e9vrier 2023 &#8211; C&rsquo;est au coll\u00e8ge Saint-Roch, \u00e0 Ferri\u00e8res, en Belgique, que l&rsquo;\u00e9quipe de tournage de Jean-Luc Couchard a pos\u00e9 ses valises le mercredi 8 f\u00e9vrier dernier. En effet, l&rsquo;acteur est en pleine r\u00e9alisation de son tout dernier court-m\u00e9trage, <em>\u00ab\u00a0\u00c0 juste titre\u00a0\u00bb,<\/em> qui abordera les violences conjugales et dont on conna\u00eet d\u00e9j\u00e0 l&rsquo;une des t\u00eates d&rsquo;affiches, l&rsquo;actrice D\u00e9borah Fran\u00e7ois. On a d\u00e9j\u00e0 h\u00e2te de le d\u00e9couvrir !<\/p>\n\n\n\n<p><\/p>\n\n\n\n<h2 class=\"wp-block-heading\">Jean-Luc Couchard en t\u00eate d&rsquo;affiche d&rsquo;une pi\u00e8ce de th\u00e9\u00e2tre<\/h2>\n\n\n\n<p>Janvier 2023 &#8211; Du 6 au 21 janvier prochain, vous pourrez retrouver Jean-Luc Couchard \u00e0 l&rsquo;affiche de <em>Violence and Son<\/em> au Th\u00e9\u00e2tre de Poche \u00e0 Bruxelles. Il y jouera le r\u00f4le d&rsquo;un p\u00e8re violent et alcoolique qui emm\u00e9nage avec son fils, Liam, un adolescent qu&rsquo;il conna\u00eet \u00e0 peine. Lorsque Liam commence \u00e0 avoir des sentiments pour la jolie Jen, il demande des conseils \u00e0 son p\u00e8re qui va se r\u00e9v\u00e9ler \u00eatre un grand macho. Fous-rires garanti. Un \u00e9v\u00e8nement \u00e0 ne pas manquer !<\/p>\n\n\n\n<p><\/p>\n\n\n\n<h2 class=\"wp-block-heading\">Jean-Luc Couchard dans le dernier film de Romain Quirot&nbsp;<\/h2>\n\n\n\n<p>D\u00e9cembre 2022 \u2013 Le teaser du prochain film de Romain Quirot, <em>Apaches<\/em>, vient tout juste d\u2019\u00eatre d\u00e9voil\u00e9. L\u2019histoire se passe \u00e0 Paris, dans les ann\u00e9es 1900, la capitale est en proie \u00e0 un gang ultra violent&nbsp;: les Apaches. D\u00e9cid\u00e9e \u00e0 venger la mort de son fr\u00e8re, une jeune femme int\u00e8gre le gang mais se rapprochant de l\u2019homme qu\u2019elle souhaite \u00e9liminer, elle se retrouve fascin\u00e9e par ce dernier. Sortie pr\u00e9vue en salle pour le 22 f\u00e9vrier 2023. On a d\u00e9j\u00e0 h\u00e2te&nbsp;!&nbsp;<\/p>\n\n\n\n<p><\/p>\n\n\n\n<h2 class=\"wp-block-heading\">Jean-Luc Couchard sera dans la suite de cette com\u00e9die&nbsp;<\/h2>\n\n\n\n<p>Septembre 2022 \u2013 Le tournage de <em>3 jours max<\/em>, la suite de la com\u00e9die <em>30 jours max<\/em>, sorti en octobre 2020 vient de d\u00e9buter a annonc\u00e9 StudioCanal. Aux commandes de la r\u00e9alisation, Tarek Boudali, d\u00e9j\u00e0 connu pour avoir r\u00e9alis\u00e9 de nombreuses com\u00e9dies fran\u00e7aises. Le casting sera compos\u00e9 d\u2019Elodie Fontan, Venass Guide et Reem Kherici mais \u00e9galement de plusieurs guests dont Mich\u00e8le Laroque ou encore Jean-Luc Couchard. L\u2019histoire est celle d\u2019un policier maladroit qui se retrouve face au kidnapping de sa grand-m\u00e8re par un cartel mexicain, il a 3 jours maximum pour la lib\u00e9rer. Va-t-il y arriver&nbsp;? On ne le d\u00e9couvrira que le 25 octobre 2023. La date est \u00e0 noter dans vos agendas&nbsp;!<\/p>\n\n\n\n<p><\/p>\n\n\n\n<h2 class=\"wp-block-heading\">Jean-Luc Couchard s\u2019engage contre le harc\u00e8lement scolaire&nbsp;<\/h2>\n\n\n\n<p>Octobre 2021 &#8211; C\u2019est en cette fin du mois d\u2019octobre que plusieurs c\u00e9l\u00e9brit\u00e9s dont Keen\u2019V, Colonel Reyel ou encore Jean-Luc Couchard, s\u2019engagent, aux c\u00f4t\u00e9s de l\u2019association <em>Hugo!<\/em> avec l\u2019\u00e9v\u00e8nement&nbsp;<em>\u00ab&nbsp;Les Vid\u00e9os Solidaires&nbsp;\u00bb<\/em>&nbsp;en parteneriat avec la plateforme de d\u00e9dicaces vid\u00e9os Vidoleo. Le principe est simple&nbsp;: une partie des recettes des vid\u00e9os personnalis\u00e9es r\u00e9alis\u00e9es par les c\u00e9l\u00e9brit\u00e9s sera revers\u00e9e \u00e0 l\u2019association <em>Hugo!<\/em> qui vient en en aide aux victimes et aux parents de victimes de harc\u00e8lement scolaire. Une belle initiative en cette fin d\u2019ann\u00e9e&nbsp;!<\/p>\n\n\n\n<p><\/p>\n\n\n\n<h2 class=\"wp-block-heading\">Jean-Luc couchard \u00e0 l\u2019affiche du premier film de Romain Quirot&nbsp;<\/h2>\n\n\n\n<p>Mai 2021 \u2013 C\u2019est ce 19 mai qu\u2019est sorti en salle <em>Le Dernier voyage<\/em>, le premier long-m\u00e9trage r\u00e9alis\u00e9 par Romain Quirot avec pour t\u00eate d\u2019affiche Hugo Becker, Jean Reno, Philippe Katerine ou encore Jean-Luc Couchard. L\u2019histoire se passe dans le futur : une lune rouge est apparue myst\u00e9rieusement dont la trajectoire se dirige tout droit vers la Terre. L\u2019astronaute, Paul W.R. est le seul capable de la d\u00e9truire, mission qu\u2019il refuse. Il d\u00e9cide alors de s\u2019enfuir aux c\u00f4t\u00e9s d\u2019un adolescent qui va l\u2019aider dans sa disaparition. Va-t-il laisser la Terre \u00e0 son p\u00e9ril&nbsp;? \u00c0 retrouver dans vos salles de cin\u00e9ma&nbsp;!<\/p>\n\n\n\n<p><\/p>\n\n\n\n<h2 class=\"wp-block-heading\">Jean-Luc Couchard pr\u00e9sente son premier court-m\u00e9trage <\/h2>\n\n\n\n<p>Mars 2020 &#8211; C&rsquo;est le 10 mars prochain, lors du Festival du cin\u00e9ma belge \u00e0 Moustier-sur-Sambre, dans la province de Namur, que Jean-Luc Couchard projettera son premier court-m\u00e9trage, <em>Il Padrino<\/em>. Ce tr\u00e8s court film de huit minutes seulement, tourn\u00e9 en noir et blanc, relate l&rsquo;histoire d&rsquo;un mafieux, interpr\u00e9t\u00e9 par le r\u00e9alisateur lui-m\u00eame,  \u00e0 qui il manque 200 000\u20ac et qui cherche \u00e0 savoir qui les lui a vol\u00e9s. M\u00ealant cin\u00e9ma italien et humour belge, on a d\u00e9j\u00e0 h\u00e2te de pouvoir le d\u00e9couvrir ! <\/p>\n\n\n\n<p><\/p>\n\n\n\n<h2 class=\"wp-block-heading\">Le festival international du film de com\u00e9die de Li\u00e8ge revient <\/h2>\n\n\n\n<p>D\u00e9cembre 2017 &#8211; Du 7 au 10 d\u00e9cembre prochain se tiendra la deuxi\u00e8me \u00e9dition du festival international du film de com\u00e9die de Li\u00e8ge, en Belgique, imagin\u00e9 et organis\u00e9 par Adrien Fran\u00e7ois et Jean-Luc Couchard.Cette ann\u00e9e une vingtaine de longs et de courts-m\u00e9trages seront en comp\u00e9tition devant un jury pr\u00e9sid\u00e9 par G\u00e9rard Darmon et Edouard Montoute. Julien Lepers assurera les c\u00e9r\u00e9monies d&rsquo;ouverture et de cl\u00f4ture du festival. De nombreuses personnalit\u00e9s issues du 7\u00e8me art seront \u00e9galement pr\u00e9sentes comme Guy Lecluyse, Julien Serine ou encore Jean-Baptiste Shelmerdine afin d&rsquo;\u00e9valuer les films en comp\u00e9tition. Un \u00e9v\u00e8nement \u00e0 ne pas manquer ! <\/p>\n","protected":false},"excerpt":{"rendered":"<p>Jean-Luc Couchard, n\u00e9 le 14 juillet 1969 en Belgique, est un com\u00e9dien belge.&nbsp; Apr\u00e8s avoir obtenu un dipl\u00f4me d\u2019animateur, Jean-Luc Couchard fait ses classes au conservatoire de Li\u00e8ge afin de faire de sa passion son m\u00e9tier.&nbsp; C\u2019est en 1989 que Jean-Luc Couchard d\u00e9bute sa carri\u00e8re au th\u00e9\u00e2tre ayant diff\u00e9rents r\u00f4le dans la repr\u00e9sentation de pi\u00e8ces [&hellip;]<\/p>\n","protected":false},"author":3,"featured_media":0,"comment_status":"open","ping_status":"open","sticky":false,"template":"","format":"standard","meta":{"_et_pb_use_builder":"off","_et_pb_old_content":"","_et_gb_content_width":""},"categories":[6],"tags":[],"jetpack_featured_media_url":"","_links":{"self":[{"href":"https:\/\/vidoleo.com\/blog\/fr\/wp-json\/wp\/v2\/posts\/890"}],"collection":[{"href":"https:\/\/vidoleo.com\/blog\/fr\/wp-json\/wp\/v2\/posts"}],"about":[{"href":"https:\/\/vidoleo.com\/blog\/fr\/wp-json\/wp\/v2\/types\/post"}],"author":[{"embeddable":true,"href":"https:\/\/vidoleo.com\/blog\/fr\/wp-json\/wp\/v2\/users\/3"}],"replies":[{"embeddable":true,"href":"https:\/\/vidoleo.com\/blog\/fr\/wp-json\/wp\/v2\/comments?post=890"}],"version-history":[{"count":11,"href":"https:\/\/vidoleo.com\/blog\/fr\/wp-json\/wp\/v2\/posts\/890\/revisions"}],"predecessor-version":[{"id":3125,"href":"https:\/\/vidoleo.com\/blog\/fr\/wp-json\/wp\/v2\/posts\/890\/revisions\/3125"}],"wp:attachment":[{"href":"https:\/\/vidoleo.com\/blog\/fr\/wp-json\/wp\/v2\/media?parent=890"}],"wp:term":[{"taxonomy":"category","embeddable":true,"href":"https:\/\/vidoleo.com\/blog\/fr\/wp-json\/wp\/v2\/categories?post=890"},{"taxonomy":"post_tag","embeddable":true,"href":"https:\/\/vidoleo.com\/blog\/fr\/wp-json\/wp\/v2\/tags?post=890"}],"curies":[{"name":"wp","href":"https:\/\/api.w.org\/{rel}","templated":true}]}}