{"id":695,"date":"2023-08-16T12:53:00","date_gmt":"2023-08-16T11:53:00","guid":{"rendered":"https:\/\/vidoleo.com\/blog\/?p=695"},"modified":"2024-01-07T20:21:58","modified_gmt":"2024-01-07T19:21:58","slug":"colonel-reyel","status":"publish","type":"post","link":"https:\/\/vidoleo.com\/blog\/fr\/actualites\/colonel-reyel\/","title":{"rendered":"Colonel Reyel &#8211; Actualit\u00e9s"},"content":{"rendered":"\n<figure class=\"wp-block-image alignright size-large is-resized presentation-celeb\"><img decoding=\"async\" loading=\"lazy\" src=\"https:\/\/i0.wp.com\/media.vidoleo.com\/img\/profil\/colonelreyel.jpg?resize=158%2C210&#038;ssl=1\" alt=\"Colonel Reyel \" width=\"158\" height=\"210\" data-recalc-dims=\"1\" \/><\/figure>\n\n\n\n<p>R\u00e9mi Ranguin, plus connu sous le nom de Colonel Reyel, n\u00e9 le 5 octobre 1984 dans le Val-de-Marne, est un auteur-compositeur-interpr\u00e8te fran\u00e7ais.&nbsp;<\/p>\n\n\n\n<p>Colonel Reyel a grandi dans le monde de la musique puisque son cousin n\u2019est autre que Krys, chanteur et producteur de dancehall.&nbsp;<\/p>\n\n\n\n<p>En 2000, il int\u00e8gre le groupe Septentrional Crew et se lance dans le dancehall apr\u00e8s un s\u00e9jour en Guadeloupe.&nbsp;<\/p>\n\n\n\n<p>Apr\u00e8s la sortie de plusieurs singles et de mixtapes avec son groupe, Colonel Reyel se lance en solo en 2008 et sort <em>Boomaz Mixtape Vl 1<\/em>.&nbsp;<\/p>\n\n\n\n<p>En 2010, il est rep\u00e9r\u00e9 par DJ Doug qui lui propose le titre <em>Celui <\/em>qui sera un v\u00e9ritable carton sur l\u2019iTunes Store. D\u00e9but 2011, le single se classera premier dans les charts fran\u00e7ais.&nbsp;<\/p>\n\n\n\n<p>\u00c0 la suite du succ\u00e8s de son single, Colonel Reyel sort, en 2011, son album <em>Au rapport<\/em> contenant les titres <em>Toutes les nuits<\/em> et <em>Aur\u00e9lie <\/em>qui seront \u00e9galement deux single \u00e0 succ\u00e8s.&nbsp;<\/p>\n\n\n\n<p>Par la suite, le chanteur sortira deux autres albums&nbsp;en 2012 et 2020 qui n\u2019auront, malheureusement, pas le succ\u00e8s escompt\u00e9.&nbsp;<\/p>\n\n\n\n<p><\/p>\n\n\n\n<h2 class=\"wp-block-heading\">Colonel Reyel r\u00e9alise des vid\u00e9os d\u00e9dicac\u00e9es pour ses fans&nbsp;<\/h2>\n\n\n\n<p>Depuis 2020, Colonel Reyel&nbsp;&nbsp;propose \u00e0 ses fans des vid\u00e9os 100% personnalis\u00e9es pour 30\u20ac&nbsp;: <a rel=\"noreferrer noopener\" href=\"https:\/\/vidoleo.com\/colonelreyel\" target=\"_blank\">Demander une vid\u00e9o personnalis\u00e9e \u00e0 Colonel Reyel.<\/a>&nbsp;<\/p>\n\n\n\n<figure class=\"wp-block-image size-full\"><a href=\"https:\/\/vidoleo.com\/colonelreyel\" target=\"_blank\" rel=\"noreferrer noopener\"><img decoding=\"async\" loading=\"lazy\" width=\"1080\" height=\"540\" src=\"https:\/\/i0.wp.com\/vidoleo.com\/blog\/wp-content\/\/uploads\/2023\/06\/screen-colonel-reyel.jpg?resize=1080%2C540&#038;ssl=1\" alt=\"Colonel Reyel d\u00e9dicace vid\u00e9o personnalis\u00e9e\" class=\"wp-image-1457\" srcset=\"https:\/\/i0.wp.com\/vidoleo.com\/blog\/wp-content\/\/uploads\/2023\/06\/screen-colonel-reyel.jpg?resize=1080%2C540&#038;ssl=1 1280w, https:\/\/vidoleo.com\/blog\/wp-content\/\/uploads\/2023\/06\/screen-colonel-reyel-980x490.jpg 980w, https:\/\/vidoleo.com\/blog\/wp-content\/\/uploads\/2023\/06\/screen-colonel-reyel-480x240.jpg 480w\" sizes=\"(min-width: 0px) and (max-width: 480px) 480px, (min-width: 481px) and (max-width: 980px) 980px, (min-width: 981px) 1280px, 100vw\" data-recalc-dims=\"1\" \/><\/a><\/figure>\n\n\n\n<p><\/p>\n\n\n\n<h2 class=\"wp-block-heading\">Agenda de Colonel Reyel pour le mois d&rsquo;ao\u00fbt <\/h2>\n\n\n\n<p>Ao\u00fbt 2023 &#8211; Dans la continuit\u00e9 du mois de juillet, Colonel Reyerl compte bien parcourir, \u00e0 nouveau, en ce mois d&rsquo;ao\u00fbt, les routes de France pour plusieurs concerts. En effet, il sera, le 4 ao\u00fbt prochain, \u00e0 La Seyne-sur-Mer, dans le Var, au festival <em>La Kermesse<\/em>, aux c\u00f4t\u00e9s de nombreuses c\u00e9l\u00e9brit\u00e9s des ann\u00e9es 2000 pour un show exceptionnel. Il se rendra ensuite, le 13 ao\u00fbt, \u00e0 Marseillan-Plage, dans l&rsquo;H\u00e9rault, pour une soir\u00e9e sp\u00e9ciale ann\u00e9es 90-2000 Enfin, il se rendra \u00e0 Toulouse, le 16 ao\u00fbt, toujours dans le cadre de la tourn\u00e9e du festival La Kermesse, afin d&rsquo;y performer ses plus grands tubes. Des \u00e9v\u00e8nements \u00e0 ne surtout pas manquer ! <\/p>\n\n\n\n<p><\/p>\n\n\n\n<h2 class=\"wp-block-heading\">Agenda de Colonel Reyel pour le mois de Juillet <\/h2>\n\n\n\n<p>Juillet 2023 &#8211; On sait qu&rsquo;\u00e9t\u00e9 rime avec festivit\u00e9s et pour ce mois de juillet, on peut dire que Colonel Reyel compte bien participer \u00e0 bon nombre d&rsquo;entre elles. En effet, il sera pr\u00e9sent \u00e0 Nice, sur la C\u00f4te d&rsquo;Azur, du 5 au 7 juillet, pour le festival <em>La Kermesse<\/em> ayant pour objectif de r\u00e9unir plusieurs c\u00e9l\u00e9brit\u00e9s issues des ann\u00e9es 2000 pour un show exceptionnel. Il se rendra ensuite \u00e0 Loos, dans le Nord, pour une soir\u00e9e sp\u00e9ciale ann\u00e9es 80 le 13 juillet. Puis il sera \u00e0 Denain, toujours dans le Nord, pour les festivit\u00e9s du 14 juillet afin d&rsquo;y faire un concert. Le lendemain, il animera un concert dans la salle des f\u00eates de Tarare, en Auvergne et le surlendemain, il animera une des sc\u00e8nes de la f\u00e9ria de C\u00e9ret, dans les Pyr\u00e9n\u00e9es-Orientales. Enfin, il terminera sa tourn\u00e9e, le 22 juillet, \u00e0 Saint-Fortunat-sur-Eyrieux, en Ard\u00e8che, pour le MTI Tour. Il y a forc\u00e9ment un \u00e9v\u00e8nement pr\u00e8s de chez vous \u00e0 ne pas manquer ! <\/p>\n\n\n\n<p><\/p>\n\n\n\n<h2 class=\"wp-block-heading\">Colonel Reyel sera pr\u00e9sent \u00e0 ces \u00e9v\u00e8nements <\/h2>\n\n\n\n<p>Mai 2023 &#8211; Les beaux jours commencent sur les chapeaux de roue pour Colonel Reyel puisqu&rsquo;il sera pr\u00e9sent sur ces diff\u00e9rents \u00e9v\u00e8nements en ce moi de mai. En effet, il ouvrira les festivit\u00e9s \u00e0 Semur-en-Auxois, en C\u00f4te d&rsquo;Or, le 6 mai prochain, avec un concert exceptionnel aux c\u00f4t\u00e9s d&rsquo;autres artistes mythiques des ann\u00e9es 2000 tels que Sheryfa Luna, Trobal King et les Jumo. Il sera ensuite \u00e0 la F\u00eate de la Pentec\u00f4te \u00e0 Alizay, en Normandie, qui se tiendra du 27 au 29 mai pour un show en plein air le dimanche 29 mai aux c\u00f4t\u00e9 de Zouk Machine et Sloane. Des \u00e9v\u00e8nements \u00e0 ne pas manquer ! <\/p>\n\n\n\n<h2 class=\"wp-block-heading\">Colonel Reyel pose sa voix sur ce son pop \u00e9lectro <\/h2>\n\n\n\n<p>Avril 2023 &#8211; Le DJ et Producteur Balpores a choisi le chanteur Colonel Reyel pour son dernier titre, <em>Le rythme dans ma peau<\/em>, dont le clip vient tout juste de sortir mi-avril sur la c\u00e9l\u00e8bre plateforme de vid\u00e9os YouTube. Une musique entra\u00eenante m\u00ealant la voix R&rsquo;n&rsquo;B de l&rsquo;interpr\u00e8te de <em>Celui<\/em> et un fond de musique \u00e9lectro dont le refrain reste en t\u00eate, le tout dans une vid\u00e9o qui sent bon la chaleur et les Cara\u00efbes. Peut-\u00eatre le futur hit de l&rsquo;\u00e9t\u00e9 ? \u00c0 \u00e9couter de toute urgence ! <\/p>\n\n\n\n<p><\/p>\n\n\n\n<h2 class=\"wp-block-heading\">Colonel Reyel participe \u00e0 cet \u00e9v\u00e8nement solidaire&nbsp;<\/h2>\n\n\n\n<p>Novembre 2022 \u2013 Les 17, 18 et 19 novembre prochains aura lieu la 10<sup>\u00e8me<\/sup>&nbsp;\u00e9dition de <em>Soupe en Sc\u00e8ne<\/em> sur la Place de la R\u00e9publique \u00e0 Lyon. L\u2019\u00e9v\u00e8nement est un festival solidaire en faveur du foyer Notre-Dame des Sans-Abris de Lyon. Au programme, comme son nom l\u2019indique, plusieurs recettes de soupes, imagin\u00e9es par le chef Fabrice Bonnot, seront servies mais \u00e9galement des animations et des concerts dont un plateau sp\u00e9cial     <em>\u00ab&nbsp;ann\u00e9es 90&nbsp;\u00bb<\/em> le vendredi 18 novembre sur lequel seront pr\u00e9sents notamment Faudel, Manau ou encore Colonel Reyel. Un \u00e9v\u00e8nement \u00e0 ne pas manquer&nbsp;!&nbsp;<\/p>\n\n\n\n<p><\/p>\n\n\n\n<h2 class=\"wp-block-heading\">Colonel Reyel pr\u00e9sent dans le Sud de la France&nbsp;pour plusieurs \u00e9v\u00e8nements&nbsp;<\/h2>\n\n\n\n<p>Septembre 2022 \u2013 C\u2019est la rentr\u00e9e pour tous les \u00e9l\u00e8ves et \u00e9tudiants de France mais \u00e7a l\u2019est \u00e9galement pour les artistes dont les agenda peuvent parfois \u00eatre charg\u00e9s. C\u2019est le cas de Colonel Reyel qui sera pr\u00e9sent \u00e0 diff\u00e9rents \u00e9v\u00e8nement dans le Sud de la France tout au long du mois de septembre. Il commencera par un showcase sur la sc\u00e8ne du clos de Provence \u00e0 N\u00eemes le 2 septembre pour la deuxi\u00e8me \u00e9dition de l\u2019\u00e9v\u00e8nement <em>      \u00ab&nbsp;G\u00e9n\u00e9ration 2000&nbsp;\u00bb<\/em>. Il poursuivra le 11 deptembre par un concert au <em>Fest\u2019in day festival<\/em> au Ch\u00e2teau de la Buzine \u00e0 Marseille. Enfin, il terminera sa tourn\u00e9e sudiste par un concert le 18 septembre \u00e0 la 5<sup>\u00e8me<\/sup>&nbsp;\u00e9dition du <em>Festif Motors<\/em> \u00e0 Bagnols sur C\u00e8ze dans le Gard. \u00c0 vos agendas&nbsp;!&nbsp;<\/p>\n\n\n\n<p><\/p>\n\n\n\n<h2 class=\"wp-block-heading\">Agenda de Colonel Reyel pour le mois de Juillet<\/h2>\n\n\n\n<p>Juillet 2022 \u2013 On le sait, l\u2019\u00e9t\u00e9 c\u2019est la p\u00e9riode propice aux festivals et concerts en plein air et en tout genre. Pour ce mois de juillet, l\u2019agenda de Colonel Reyel sera bien rempli puisqu\u2019il se produira d\u2019abord sur la sc\u00e8ne du th\u00e9\u00e2tre de Verdure \u00e0 Nice le 9 juillet pour un concert sp\u00e9cial ann\u00e9es 2000 aux c\u00f4t\u00e9s de nombreux artistes tels que Willy Denzey, Fatal Bazooka ou encore Trag\u00e9die. Il sera ensuite \u00e0 Saint-Martin-Boulogne dans le Pas-de-Calais le 13 juillet pour un concert exceptionnel dans le cadre des festivit\u00e9s du 14 juillet. Il poursuivra sa tourn\u00e9e sur la sc\u00e8ne du Warehouse \u00e0 Nantes pour une soir\u00e9e <em>We are kitch<\/em> destin\u00e9e \u00e0 faire revivre des titres \u00e0 l\u2019ancienne le 16 juillet. Il encha\u00eenera avec un concert sur la sc\u00e8ne du festival <em>Poupet D\u00e9raille<\/em> pour sa troisi\u00e8me \u00e9dition \u00e0 Saint-Laurent-sur-S\u00e8vre en Vend\u00e9e le 22 juillet pour enfin terminer sa tourn\u00e9e aux <em>Polymusicales<\/em> de Boll\u00e8ne dans le Vaucluse pour un concert le 24 juillet. Des \u00e9v\u00e8nements \u00e0 ne pas manquer si vous \u00eates dans le coin&nbsp;!&nbsp;<\/p>\n\n\n\n<p><\/p>\n\n\n\n<h2 class=\"wp-block-heading\">Colonel Reyel s&rsquo;engage contre le harc\u00e8lement scolaire <\/h2>\n\n\n\n<p>Octobre 2021 &#8211; C\u2019est en cette fin du mois d\u2019octobre que plusieurs c\u00e9l\u00e9brit\u00e9s dont Keen\u2019V, Colonel Reyel ou encore Jean-Luc Couchard, s\u2019engagent, aux c\u00f4t\u00e9s de l\u2019association <em>Hugo!<\/em> avec l\u2019\u00e9v\u00e8nement<em>&nbsp;\u00ab&nbsp;Les Vid\u00e9os Solidaires&nbsp;\u00bb<\/em>&nbsp;en parteneriat avec la plateforme de d\u00e9dicaces vid\u00e9os Vidoleo. Le principe est simple&nbsp;: une partie des recettes des vid\u00e9os personnalis\u00e9es r\u00e9alis\u00e9es par les c\u00e9l\u00e9brit\u00e9s sera revers\u00e9e \u00e0 l\u2019association <em>Hugo! <\/em>qui vient en en aide aux victimes et aux parents de victimes de harc\u00e8lement scolaire. Une belle initiative en cette fin d\u2019ann\u00e9e&nbsp;!<\/p>\n\n\n\n<p><\/p>\n\n\n\n<h2 class=\"wp-block-heading\">Colonel Reyel pr\u00e9sent \u00e0 cette soir\u00e9e caritative <\/h2>\n\n\n\n<p>Septembre 2021 &#8211; Il y a quelques mois, Colonel Reyel \u00e9tait aux c\u00f4t\u00e9s de jeunes enfants et adolescents pour le tournage de courts m\u00e9trages dans le cadre de l&rsquo;\u00e9v\u00e8nement <em>Action Enfance fait son cin\u00e9ma<\/em> organis\u00e9 par la fondation <em>Action Enfance<\/em>. Le 20 septembre dernier avait lieu la soir\u00e9e consacr\u00e9e \u00e0 la pr\u00e9sentation des courts-m\u00e9trages et la remise de prix pour les meilleurs d&rsquo;entre-eux au Grand Rex \u00e0 Paris. \u00c0 cette occasion, de nombreuses c\u00e9l\u00e9brit\u00e9s \u00e9taient pr\u00e9sentes dont Natoo, Christophe Beaugrand ou encore Colonel Reyel.  <\/p>\n\n\n\n<p><\/p>\n\n\n\n<h2 class=\"wp-block-heading\">Agenda de Colonel Reyel pour l&rsquo;\u00e9t\u00e9 <\/h2>\n\n\n\n<p>Juillet\/Ao\u00fbt 2021 &#8211; Malgr\u00e9 la crise sanitaire, l&rsquo;\u00e9t\u00e9 rimera, cette ann\u00e9e encore, avec festivit\u00e9s. Colonel Reyel fera partie de la f\u00eate puisqu&rsquo;on pourra le retrouver le mardi 13 juillet \u00e0 Vermelles, dans le Pas-de-Calais, pour un concert exceptionnel dans le cadre de la f\u00eate nationale du 14 juillet. Il sera \u00e9galement \u00e0 l&rsquo;affiche du Delta Festival, \u00e0 Marseille, le vendredi 27 ao\u00fbt en deuxi\u00e8me partie de soir\u00e9e. L&rsquo;\u00e9t\u00e9 promet d&rsquo;\u00eatre chaud ! <\/p>\n\n\n\n<p><\/p>\n\n\n\n<h2 class=\"wp-block-heading\">Colonel Reyel en tournage pour la bonne cause <\/h2>\n\n\n\n<p>Mars 2021 &#8211; Dans le cadre de l&rsquo;\u00e9v\u00e8nement <em>Action Enfance fait son cin\u00e9ma<\/em>, Colonel Reyel \u00e9tait pr\u00e9sent afin de tourner des courts-m\u00e9trages aupr\u00e8s de jeunes enfants et adolescents d\u00e9favoris\u00e9s accompagn\u00e9s par la fondation <em>Action Enfance<\/em>. En partenariat avec des \u00e9l\u00e8ves issus d&rsquo;\u00e9cole de cin\u00e9ma et d&rsquo;audiovisuel, ils ont pu jouer le r\u00f4le d&rsquo;acteur et de figurants sous l&rsquo;oeil de Samy Bouyakoub, r\u00e9alisateur, afin de les aider dans le choix de leur orientation professionnelle. Quelle ne fut pas leur surprise lorsque l&rsquo;interpr\u00e8te de <em>Celui<\/em> a fait son apparition le dernier jour du tournage afin de jouer \u00e0 leurs c\u00f4t\u00e9s. Un tr\u00e8s beau moment de partage ! <\/p>\n\n\n\n<p><\/p>\n\n\n\n<h2 class=\"wp-block-heading\">Colonel Reyel fait son grand retour <\/h2>\n\n\n\n<p>Ao\u00fbt 2018 &#8211; Huit ans apr\u00e8s la sortie de ses plus grands titre comme <em>Celui<\/em> ou encore <em>Aur\u00e9lie<\/em>, Colonel Reyel fait son grand retour avec un tout nouveau single, <em>Caliente<\/em>, dont le clip qui vient d&rsquo;\u00eatre diffus\u00e9 sur la c\u00e9l\u00e8bre plateforme de vid\u00e9o YouTube a \u00e9t\u00e9 tourn\u00e9 \u00e0 Lisbonne, au Portugal. Des sonorit\u00e9s latino et un refrain qui reste dans la t\u00eate gr\u00e2ce \u00e0 ses nombreuses r\u00e9p\u00e9titions sont souvent signes d&rsquo;un futur tube de l&rsquo;\u00e9t\u00e9. Esp\u00e9rons pour le chanteur que ce nouveau titre montera rapidement en haut des charts ! <\/p>\n\n\n\n<p><\/p>\n\n\n\n<p><\/p>\n","protected":false},"excerpt":{"rendered":"<p>R\u00e9mi Ranguin, plus connu sous le nom de Colonel Reyel, n\u00e9 le 5 octobre 1984 dans le Val-de-Marne, est un auteur-compositeur-interpr\u00e8te fran\u00e7ais.&nbsp; Colonel Reyel a grandi dans le monde de la musique puisque son cousin n\u2019est autre que Krys, chanteur et producteur de dancehall.&nbsp; En 2000, il int\u00e8gre le groupe Septentrional Crew et se lance [&hellip;]<\/p>\n","protected":false},"author":3,"featured_media":0,"comment_status":"open","ping_status":"open","sticky":false,"template":"","format":"standard","meta":{"_et_pb_use_builder":"off","_et_pb_old_content":"","_et_gb_content_width":""},"categories":[6],"tags":[],"jetpack_featured_media_url":"","_links":{"self":[{"href":"https:\/\/vidoleo.com\/blog\/fr\/wp-json\/wp\/v2\/posts\/695"}],"collection":[{"href":"https:\/\/vidoleo.com\/blog\/fr\/wp-json\/wp\/v2\/posts"}],"about":[{"href":"https:\/\/vidoleo.com\/blog\/fr\/wp-json\/wp\/v2\/types\/post"}],"author":[{"embeddable":true,"href":"https:\/\/vidoleo.com\/blog\/fr\/wp-json\/wp\/v2\/users\/3"}],"replies":[{"embeddable":true,"href":"https:\/\/vidoleo.com\/blog\/fr\/wp-json\/wp\/v2\/comments?post=695"}],"version-history":[{"count":13,"href":"https:\/\/vidoleo.com\/blog\/fr\/wp-json\/wp\/v2\/posts\/695\/revisions"}],"predecessor-version":[{"id":3159,"href":"https:\/\/vidoleo.com\/blog\/fr\/wp-json\/wp\/v2\/posts\/695\/revisions\/3159"}],"wp:attachment":[{"href":"https:\/\/vidoleo.com\/blog\/fr\/wp-json\/wp\/v2\/media?parent=695"}],"wp:term":[{"taxonomy":"category","embeddable":true,"href":"https:\/\/vidoleo.com\/blog\/fr\/wp-json\/wp\/v2\/categories?post=695"},{"taxonomy":"post_tag","embeddable":true,"href":"https:\/\/vidoleo.com\/blog\/fr\/wp-json\/wp\/v2\/tags?post=695"}],"curies":[{"name":"wp","href":"https:\/\/api.w.org\/{rel}","templated":true}]}}